{"id":5414,"date":"2024-11-22T16:09:17","date_gmt":"2024-11-22T21:09:17","guid":{"rendered":"https:\/\/redemptoristvocations.ca\/?p=5414"},"modified":"2024-11-22T16:09:17","modified_gmt":"2024-11-22T21:09:17","slug":"2025-soiree-des-vocations-redemptoristes-venez-et-voyez-saskatoon","status":"publish","type":"post","link":"https:\/\/redemptoristvocations.ca\/fr\/2025-soiree-des-vocations-redemptoristes-venez-et-voyez-saskatoon\/","title":{"rendered":"2025 Soir\u00e9e des vocations r\u00e9demptoristes \u00ab Venez et voyez \u00bb - Saskatoon"},"content":{"rendered":"<p>Rejoignez-nous pour une soir\u00e9e \u00ab Venez et voyez \u00bb le 13 f\u00e9vrier 2025 \u00e0 Saskatoon et rencontrez les R\u00e9demptoristes dans l'une de nos maisons communautaires, passez du temps dans la pri\u00e8re et la r\u00e9flexion, un repas du soir, et apprenez-en plus sur l'appel au service en tant que R\u00e9demptoriste dans notre monde aujourd'hui. Nos soir\u00e9es se d\u00e9rouleront g\u00e9n\u00e9ralement de 17h \u00e0 21h.<\/p>\n<p>Cliquez\u00a0<a href=\"https:\/\/www.surveymonkey.com\/r\/MYPRDFW\">ICI<\/a>\u00a0pour vous inscrire \u00e0 cette occasion de discernement, ou pour savoir si cet \u00e9v\u00e9nement est pour vous !<\/p>\n","protected":false},"excerpt":{"rendered":"<p>Rejoignez-nous pour une soir\u00e9e \u00ab Venez et voyez \u00bb le 13 f\u00e9vrier 2025 \u00e0 Saskatoon et rencontrez les R\u00e9demptoristes dans [&hellip;]<\/p>\n","protected":false},"author":7,"featured_media":5374,"comment_status":"open","ping_status":"open","sticky":false,"template":"","format":"standard","meta":{"_acf_changed":false,"inline_featured_image":false,"footnotes":""},"categories":[8],"tags":[],"class_list":["post-5414","post","type-post","status-publish","format-standard","has-post-thumbnail","hentry","category-evenements"],"acf":[],"yoast_head":"<!-- This site is optimized with the Yoast SEO plugin v24.2 - https:\/\/yoast.com\/wordpress\/plugins\/seo\/ -->\n<title>2025 Soir\u00e9e des vocations r\u00e9demptoristes \u00ab Venez et voyez \u00bb - Saskatoon &#8211; Redemptorist Vocation Ministry<\/title>\n<meta name=\"robots\" content=\"index, follow, max-snippet:-1, max-image-preview:large, max-video-preview:-1\" \/>\n<link rel=\"canonical\" href=\"https:\/\/redemptoristvocations.ca\/fr\/2025-soiree-des-vocations-redemptoristes-venez-et-voyez-saskatoon\/\" \/>\n<meta property=\"og:locale\" content=\"fr_FR\" \/>\n<meta property=\"og:type\" content=\"article\" \/>\n<meta property=\"og:title\" content=\"2025 Soir\u00e9e des vocations r\u00e9demptoristes \u00ab Venez et voyez \u00bb - Saskatoon &#8211; Redemptorist Vocation Ministry\" \/>\n<meta property=\"og:description\" content=\"Rejoignez-nous pour une soir\u00e9e \u00ab Venez et voyez \u00bb le 13 f\u00e9vrier 2025 \u00e0 Saskatoon et rencontrez les R\u00e9demptoristes dans [&hellip;]\" \/>\n<meta property=\"og:url\" content=\"https:\/\/redemptoristvocations.ca\/fr\/2025-soiree-des-vocations-redemptoristes-venez-et-voyez-saskatoon\/\" \/>\n<meta property=\"og:site_name\" content=\"Redemptorist Vocation Ministry\" \/>\n<meta property=\"article:publisher\" content=\"https:\/\/www.facebook.com\/plugintochrist\" \/>\n<meta property=\"article:published_time\" content=\"2024-11-22T21:09:17+00:00\" \/>\n<meta property=\"og:image\" content=\"https:\/\/redemptoristvocations.ca\/wp-content\/uploads\/WhatsApp-Image-2024-09-25-at-11.02.41_790433d6-scaled.jpg\" \/>\n\t<meta property=\"og:image:width\" content=\"2560\" \/>\n\t<meta property=\"og:image:height\" content=\"1920\" \/>\n\t<meta property=\"og:image:type\" content=\"image\/jpeg\" \/>\n<meta name=\"author\" content=\"Kathy McMerty\" \/>\n<meta name=\"twitter:card\" content=\"summary_large_image\" \/>\n<meta name=\"twitter:creator\" content=\"@Plugintochrist\" \/>\n<meta name=\"twitter:site\" content=\"@Plugintochrist\" \/>\n<meta name=\"twitter:label1\" content=\"\u00c9crit par\" \/>\n\t<meta name=\"twitter:data1\" content=\"Kathy McMerty\" \/>\n\t<meta name=\"twitter:label2\" content=\"Dur\u00e9e de lecture estim\u00e9e\" \/>\n\t<meta name=\"twitter:data2\" content=\"1 minute\" \/>\n<script type=\"application\/ld+json\" class=\"yoast-schema-graph\">{\"@context\":\"https:\/\/schema.org\",\"@graph\":[{\"@type\":\"Article\",\"@id\":\"https:\/\/redemptoristvocations.ca\/fr\/2025-soiree-des-vocations-redemptoristes-venez-et-voyez-saskatoon\/#article\",\"isPartOf\":{\"@id\":\"https:\/\/redemptoristvocations.ca\/fr\/2025-soiree-des-vocations-redemptoristes-venez-et-voyez-saskatoon\/\"},\"author\":{\"name\":\"Kathy McMerty\",\"@id\":\"https:\/\/redemptoristvocations.ca\/#\/schema\/person\/54b24f3f1541aca4e0bc37e52f4f92cc\"},\"headline\":\"2025 Soir\u00e9e des vocations r\u00e9demptoristes \u00ab Venez et voyez \u00bb - Saskatoon\",\"datePublished\":\"2024-11-22T21:09:17+00:00\",\"dateModified\":\"2024-11-22T21:09:17+00:00\",\"mainEntityOfPage\":{\"@id\":\"https:\/\/redemptoristvocations.ca\/fr\/2025-soiree-des-vocations-redemptoristes-venez-et-voyez-saskatoon\/\"},\"wordCount\":99,\"commentCount\":0,\"publisher\":{\"@id\":\"https:\/\/redemptoristvocations.ca\/#organization\"},\"image\":{\"@id\":\"https:\/\/redemptoristvocations.ca\/fr\/2025-soiree-des-vocations-redemptoristes-venez-et-voyez-saskatoon\/#primaryimage\"},\"thumbnailUrl\":\"https:\/\/redemptoristvocations.ca\/wp-content\/uploads\/WhatsApp-Image-2024-09-25-at-11.02.41_790433d6-scaled.jpg\",\"articleSection\":[\"\u00c9v\u00e9nements\"],\"inLanguage\":\"fr-FR\",\"potentialAction\":[{\"@type\":\"CommentAction\",\"name\":\"Comment\",\"target\":[\"https:\/\/redemptoristvocations.ca\/fr\/2025-soiree-des-vocations-redemptoristes-venez-et-voyez-saskatoon\/#respond\"]}]},{\"@type\":\"WebPage\",\"@id\":\"https:\/\/redemptoristvocations.ca\/fr\/2025-soiree-des-vocations-redemptoristes-venez-et-voyez-saskatoon\/\",\"url\":\"https:\/\/redemptoristvocations.ca\/fr\/2025-soiree-des-vocations-redemptoristes-venez-et-voyez-saskatoon\/\",\"name\":\"2025 Soir\u00e9e des vocations r\u00e9demptoristes \u00ab Venez et voyez \u00bb - Saskatoon &#8211; Redemptorist Vocation Ministry\",\"isPartOf\":{\"@id\":\"https:\/\/redemptoristvocations.ca\/#website\"},\"primaryImageOfPage\":{\"@id\":\"https:\/\/redemptoristvocations.ca\/fr\/2025-soiree-des-vocations-redemptoristes-venez-et-voyez-saskatoon\/#primaryimage\"},\"image\":{\"@id\":\"https:\/\/redemptoristvocations.ca\/fr\/2025-soiree-des-vocations-redemptoristes-venez-et-voyez-saskatoon\/#primaryimage\"},\"thumbnailUrl\":\"https:\/\/redemptoristvocations.ca\/wp-content\/uploads\/WhatsApp-Image-2024-09-25-at-11.02.41_790433d6-scaled.jpg\",\"datePublished\":\"2024-11-22T21:09:17+00:00\",\"dateModified\":\"2024-11-22T21:09:17+00:00\",\"breadcrumb\":{\"@id\":\"https:\/\/redemptoristvocations.ca\/fr\/2025-soiree-des-vocations-redemptoristes-venez-et-voyez-saskatoon\/#breadcrumb\"},\"inLanguage\":\"fr-FR\",\"potentialAction\":[{\"@type\":\"ReadAction\",\"target\":[\"https:\/\/redemptoristvocations.ca\/fr\/2025-soiree-des-vocations-redemptoristes-venez-et-voyez-saskatoon\/\"]}]},{\"@type\":\"ImageObject\",\"inLanguage\":\"fr-FR\",\"@id\":\"https:\/\/redemptoristvocations.ca\/fr\/2025-soiree-des-vocations-redemptoristes-venez-et-voyez-saskatoon\/#primaryimage\",\"url\":\"https:\/\/redemptoristvocations.ca\/wp-content\/uploads\/WhatsApp-Image-2024-09-25-at-11.02.41_790433d6-scaled.jpg\",\"contentUrl\":\"https:\/\/redemptoristvocations.ca\/wp-content\/uploads\/WhatsApp-Image-2024-09-25-at-11.02.41_790433d6-scaled.jpg\",\"width\":2560,\"height\":1920},{\"@type\":\"BreadcrumbList\",\"@id\":\"https:\/\/redemptoristvocations.ca\/fr\/2025-soiree-des-vocations-redemptoristes-venez-et-voyez-saskatoon\/#breadcrumb\",\"itemListElement\":[{\"@type\":\"ListItem\",\"position\":1,\"name\":\"Home\",\"item\":\"https:\/\/redemptoristvocations.ca\/fr\/\"},{\"@type\":\"ListItem\",\"position\":2,\"name\":\"2025 Soir\u00e9e des vocations r\u00e9demptoristes \u00ab Venez et voyez \u00bb - Saskatoon\"}]},{\"@type\":\"WebSite\",\"@id\":\"https:\/\/redemptoristvocations.ca\/#website\",\"url\":\"https:\/\/redemptoristvocations.ca\/\",\"name\":\"Redemptorist Vocation Ministry\",\"description\":\"Come Join our Redemptorist Family\",\"publisher\":{\"@id\":\"https:\/\/redemptoristvocations.ca\/#organization\"},\"potentialAction\":[{\"@type\":\"SearchAction\",\"target\":{\"@type\":\"EntryPoint\",\"urlTemplate\":\"https:\/\/redemptoristvocations.ca\/?s={search_term_string}\"},\"query-input\":{\"@type\":\"PropertyValueSpecification\",\"valueRequired\":true,\"valueName\":\"search_term_string\"}}],\"inLanguage\":\"fr-FR\"},{\"@type\":\"Organization\",\"@id\":\"https:\/\/redemptoristvocations.ca\/#organization\",\"name\":\"Congregation of the Most Holy Redeemer\",\"url\":\"https:\/\/redemptoristvocations.ca\/\",\"logo\":{\"@type\":\"ImageObject\",\"inLanguage\":\"fr-FR\",\"@id\":\"https:\/\/redemptoristvocations.ca\/#\/schema\/logo\/image\/\",\"url\":\"https:\/\/i1.wp.com\/redemptoristvocations.ca\/wp-content\/uploads\/logo-square.png?fit=76%2C76&ssl=1\",\"contentUrl\":\"https:\/\/i1.wp.com\/redemptoristvocations.ca\/wp-content\/uploads\/logo-square.png?fit=76%2C76&ssl=1\",\"width\":76,\"height\":76,\"caption\":\"Congregation of the Most Holy Redeemer\"},\"image\":{\"@id\":\"https:\/\/redemptoristvocations.ca\/#\/schema\/logo\/image\/\"},\"sameAs\":[\"https:\/\/www.facebook.com\/plugintochrist\",\"https:\/\/x.com\/Plugintochrist\",\"https:\/\/www.youtube.com\/user\/RedemptoristTV\"]},{\"@type\":\"Person\",\"@id\":\"https:\/\/redemptoristvocations.ca\/#\/schema\/person\/54b24f3f1541aca4e0bc37e52f4f92cc\",\"name\":\"Kathy McMerty\",\"image\":{\"@type\":\"ImageObject\",\"inLanguage\":\"fr-FR\",\"@id\":\"https:\/\/redemptoristvocations.ca\/#\/schema\/person\/image\/\",\"url\":\"https:\/\/secure.gravatar.com\/avatar\/7d5fb649036ab5e4d245b7cc3a04ccd1?s=96&d=mm&r=g\",\"contentUrl\":\"https:\/\/secure.gravatar.com\/avatar\/7d5fb649036ab5e4d245b7cc3a04ccd1?s=96&d=mm&r=g\",\"caption\":\"Kathy McMerty\"}}]}<\/script>\n<!-- \/ Yoast SEO plugin. -->","yoast_head_json":{"title":"2025 Soir\u00e9e des vocations r\u00e9demptoristes \u00ab Venez et voyez \u00bb - Saskatoon &#8211; Redemptorist Vocation Ministry","robots":{"index":"index","follow":"follow","max-snippet":"max-snippet:-1","max-image-preview":"max-image-preview:large","max-video-preview":"max-video-preview:-1"},"canonical":"https:\/\/redemptoristvocations.ca\/fr\/2025-soiree-des-vocations-redemptoristes-venez-et-voyez-saskatoon\/","og_locale":"fr_FR","og_type":"article","og_title":"2025 Soir\u00e9e des vocations r\u00e9demptoristes \u00ab Venez et voyez \u00bb - Saskatoon &#8211; Redemptorist Vocation Ministry","og_description":"Rejoignez-nous pour une soir\u00e9e \u00ab Venez et voyez \u00bb le 13 f\u00e9vrier 2025 \u00e0 Saskatoon et rencontrez les R\u00e9demptoristes dans [&hellip;]","og_url":"https:\/\/redemptoristvocations.ca\/fr\/2025-soiree-des-vocations-redemptoristes-venez-et-voyez-saskatoon\/","og_site_name":"Redemptorist Vocation Ministry","article_publisher":"https:\/\/www.facebook.com\/plugintochrist","article_published_time":"2024-11-22T21:09:17+00:00","og_image":[{"width":2560,"height":1920,"url":"https:\/\/redemptoristvocations.ca\/wp-content\/uploads\/WhatsApp-Image-2024-09-25-at-11.02.41_790433d6-scaled.jpg","type":"image\/jpeg"}],"author":"Kathy McMerty","twitter_card":"summary_large_image","twitter_creator":"@Plugintochrist","twitter_site":"@Plugintochrist","twitter_misc":{"\u00c9crit par":"Kathy McMerty","Dur\u00e9e de lecture estim\u00e9e":"1 minute"},"schema":{"@context":"https:\/\/schema.org","@graph":[{"@type":"Article","@id":"https:\/\/redemptoristvocations.ca\/fr\/2025-soiree-des-vocations-redemptoristes-venez-et-voyez-saskatoon\/#article","isPartOf":{"@id":"https:\/\/redemptoristvocations.ca\/fr\/2025-soiree-des-vocations-redemptoristes-venez-et-voyez-saskatoon\/"},"author":{"name":"Kathy McMerty","@id":"https:\/\/redemptoristvocations.ca\/#\/schema\/person\/54b24f3f1541aca4e0bc37e52f4f92cc"},"headline":"2025 Soir\u00e9e des vocations r\u00e9demptoristes \u00ab Venez et voyez \u00bb - Saskatoon","datePublished":"2024-11-22T21:09:17+00:00","dateModified":"2024-11-22T21:09:17+00:00","mainEntityOfPage":{"@id":"https:\/\/redemptoristvocations.ca\/fr\/2025-soiree-des-vocations-redemptoristes-venez-et-voyez-saskatoon\/"},"wordCount":99,"commentCount":0,"publisher":{"@id":"https:\/\/redemptoristvocations.ca\/#organization"},"image":{"@id":"https:\/\/redemptoristvocations.ca\/fr\/2025-soiree-des-vocations-redemptoristes-venez-et-voyez-saskatoon\/#primaryimage"},"thumbnailUrl":"https:\/\/redemptoristvocations.ca\/wp-content\/uploads\/WhatsApp-Image-2024-09-25-at-11.02.41_790433d6-scaled.jpg","articleSection":["\u00c9v\u00e9nements"],"inLanguage":"fr-FR","potentialAction":[{"@type":"CommentAction","name":"Comment","target":["https:\/\/redemptoristvocations.ca\/fr\/2025-soiree-des-vocations-redemptoristes-venez-et-voyez-saskatoon\/#respond"]}]},{"@type":"WebPage","@id":"https:\/\/redemptoristvocations.ca\/fr\/2025-soiree-des-vocations-redemptoristes-venez-et-voyez-saskatoon\/","url":"https:\/\/redemptoristvocations.ca\/fr\/2025-soiree-des-vocations-redemptoristes-venez-et-voyez-saskatoon\/","name":"2025 Soir\u00e9e des vocations r\u00e9demptoristes \u00ab Venez et voyez \u00bb - Saskatoon &#8211; Redemptorist Vocation Ministry","isPartOf":{"@id":"https:\/\/redemptoristvocations.ca\/#website"},"primaryImageOfPage":{"@id":"https:\/\/redemptoristvocations.ca\/fr\/2025-soiree-des-vocations-redemptoristes-venez-et-voyez-saskatoon\/#primaryimage"},"image":{"@id":"https:\/\/redemptoristvocations.ca\/fr\/2025-soiree-des-vocations-redemptoristes-venez-et-voyez-saskatoon\/#primaryimage"},"thumbnailUrl":"https:\/\/redemptoristvocations.ca\/wp-content\/uploads\/WhatsApp-Image-2024-09-25-at-11.02.41_790433d6-scaled.jpg","datePublished":"2024-11-22T21:09:17+00:00","dateModified":"2024-11-22T21:09:17+00:00","breadcrumb":{"@id":"https:\/\/redemptoristvocations.ca\/fr\/2025-soiree-des-vocations-redemptoristes-venez-et-voyez-saskatoon\/#breadcrumb"},"inLanguage":"fr-FR","potentialAction":[{"@type":"ReadAction","target":["https:\/\/redemptoristvocations.ca\/fr\/2025-soiree-des-vocations-redemptoristes-venez-et-voyez-saskatoon\/"]}]},{"@type":"ImageObject","inLanguage":"fr-FR","@id":"https:\/\/redemptoristvocations.ca\/fr\/2025-soiree-des-vocations-redemptoristes-venez-et-voyez-saskatoon\/#primaryimage","url":"https:\/\/redemptoristvocations.ca\/wp-content\/uploads\/WhatsApp-Image-2024-09-25-at-11.02.41_790433d6-scaled.jpg","contentUrl":"https:\/\/redemptoristvocations.ca\/wp-content\/uploads\/WhatsApp-Image-2024-09-25-at-11.02.41_790433d6-scaled.jpg","width":2560,"height":1920},{"@type":"BreadcrumbList","@id":"https:\/\/redemptoristvocations.ca\/fr\/2025-soiree-des-vocations-redemptoristes-venez-et-voyez-saskatoon\/#breadcrumb","itemListElement":[{"@type":"ListItem","position":1,"name":"Home","item":"https:\/\/redemptoristvocations.ca\/fr\/"},{"@type":"ListItem","position":2,"name":"2025 Soir\u00e9e des vocations r\u00e9demptoristes \u00ab Venez et voyez \u00bb - Saskatoon"}]},{"@type":"WebSite","@id":"https:\/\/redemptoristvocations.ca\/#website","url":"https:\/\/redemptoristvocations.ca\/","name":"Redemptorist Vocation Ministry","description":"Come Join our Redemptorist Family","publisher":{"@id":"https:\/\/redemptoristvocations.ca\/#organization"},"potentialAction":[{"@type":"SearchAction","target":{"@type":"EntryPoint","urlTemplate":"https:\/\/redemptoristvocations.ca\/?s={search_term_string}"},"query-input":{"@type":"PropertyValueSpecification","valueRequired":true,"valueName":"search_term_string"}}],"inLanguage":"fr-FR"},{"@type":"Organization","@id":"https:\/\/redemptoristvocations.ca\/#organization","name":"Congregation of the Most Holy Redeemer","url":"https:\/\/redemptoristvocations.ca\/","logo":{"@type":"ImageObject","inLanguage":"fr-FR","@id":"https:\/\/redemptoristvocations.ca\/#\/schema\/logo\/image\/","url":"https:\/\/i1.wp.com\/redemptoristvocations.ca\/wp-content\/uploads\/logo-square.png?fit=76%2C76&ssl=1","contentUrl":"https:\/\/i1.wp.com\/redemptoristvocations.ca\/wp-content\/uploads\/logo-square.png?fit=76%2C76&ssl=1","width":76,"height":76,"caption":"Congregation of the Most Holy Redeemer"},"image":{"@id":"https:\/\/redemptoristvocations.ca\/#\/schema\/logo\/image\/"},"sameAs":["https:\/\/www.facebook.com\/plugintochrist","https:\/\/x.com\/Plugintochrist","https:\/\/www.youtube.com\/user\/RedemptoristTV"]},{"@type":"Person","@id":"https:\/\/redemptoristvocations.ca\/#\/schema\/person\/54b24f3f1541aca4e0bc37e52f4f92cc","name":"Kathy McMerty","image":{"@type":"ImageObject","inLanguage":"fr-FR","@id":"https:\/\/redemptoristvocations.ca\/#\/schema\/person\/image\/","url":"https:\/\/secure.gravatar.com\/avatar\/7d5fb649036ab5e4d245b7cc3a04ccd1?s=96&d=mm&r=g","contentUrl":"https:\/\/secure.gravatar.com\/avatar\/7d5fb649036ab5e4d245b7cc3a04ccd1?s=96&d=mm&r=g","caption":"Kathy McMerty"}}]}},"_links":{"self":[{"href":"https:\/\/redemptoristvocations.ca\/fr\/wp-json\/wp\/v2\/posts\/5414","targetHints":{"allow":["GET"]}}],"collection":[{"href":"https:\/\/redemptoristvocations.ca\/fr\/wp-json\/wp\/v2\/posts"}],"about":[{"href":"https:\/\/redemptoristvocations.ca\/fr\/wp-json\/wp\/v2\/types\/post"}],"author":[{"embeddable":true,"href":"https:\/\/redemptoristvocations.ca\/fr\/wp-json\/wp\/v2\/users\/7"}],"replies":[{"embeddable":true,"href":"https:\/\/redemptoristvocations.ca\/fr\/wp-json\/wp\/v2\/comments?post=5414"}],"version-history":[{"count":1,"href":"https:\/\/redemptoristvocations.ca\/fr\/wp-json\/wp\/v2\/posts\/5414\/revisions"}],"predecessor-version":[{"id":5415,"href":"https:\/\/redemptoristvocations.ca\/fr\/wp-json\/wp\/v2\/posts\/5414\/revisions\/5415"}],"wp:featuredmedia":[{"embeddable":true,"href":"https:\/\/redemptoristvocations.ca\/fr\/wp-json\/wp\/v2\/media\/5374"}],"wp:attachment":[{"href":"https:\/\/redemptoristvocations.ca\/fr\/wp-json\/wp\/v2\/media?parent=5414"}],"wp:term":[{"taxonomy":"category","embeddable":true,"href":"https:\/\/redemptoristvocations.ca\/fr\/wp-json\/wp\/v2\/categories?post=5414"},{"taxonomy":"post_tag","embeddable":true,"href":"https:\/\/redemptoristvocations.ca\/fr\/wp-json\/wp\/v2\/tags?post=5414"}],"curies":[{"name":"wp","href":"https:\/\/api.w.org\/{rel}","templated":true}]}}