{"id":2050,"date":"2021-06-03T12:13:00","date_gmt":"2021-06-03T16:13:00","guid":{"rendered":"https:\/\/redemptoristvocations.ca\/?p=2050"},"modified":"2021-06-03T12:13:00","modified_gmt":"2021-06-03T16:13:00","slug":"ordination-alfredo-medina-ramos","status":"publish","type":"post","link":"https:\/\/redemptoristvocations.ca\/fr\/ordination-alfredo-medina-ramos\/","title":{"rendered":"Ordination Alfredo Medina Ramos"},"content":{"rendered":"<p>Le 27 mai 2021 sera inscrit comme un jour tr\u00e8s sp\u00e9cial dans les Chroniques de la Province. Le cadre de cette journ\u00e9e sp\u00e9ciale est Zacatecas, Mexique et la cath\u00e9drale d\u00e9di\u00e9e \u00e0 l'Assomption de Notre Dame. L'\u00e9glise est un site du patrimoine mondial et des milliers de touristes viennent chaque ann\u00e9e pour voir son architecture unique. L'\u00e9glise originale a \u00e9t\u00e9 construite en 1568 et la cath\u00e9drale actuelle date de 1752.<\/p>\n<p>Il fait un doux 31 degr\u00e9s et la Basilique-cath\u00e9drale baroque n\u00e9o-espagnole domine le centre historique de la ville. Alors que les cloches de l'Ang\u00e9lus de midi sonnent, l'attention se porte sur la procession qui a commenc\u00e9 \u00e0 l'entr\u00e9e de l'\u00e9glise.<\/p>\n<p>Tous les membres de la procession portent un masque, rappelant que nous sommes toujours en pleine pand\u00e9mie. Les personnes assises dans les bancs portent \u00e9galement des masques, mais cela n'emp\u00eache pas le chant enthousiaste d'un hymne d'ouverture. \u00c0 la fin de la procession, notre diacre, Alfredo, marche vers l'\u00e9v\u00eaque.<\/p>\n<p><img loading=\"lazy\" decoding=\"async\" class=\"alignnone  wp-image-1995\" src=\"https:\/\/redemptoristvocations.ca\/wp-content\/uploads\/Procession-300x169.jpg\" alt=\"\" width=\"559\" height=\"315\" srcset=\"https:\/\/redemptoristvocations.ca\/wp-content\/uploads\/Procession-300x169.jpg 300w, https:\/\/redemptoristvocations.ca\/wp-content\/uploads\/Procession-1024x576.jpg 1024w, https:\/\/redemptoristvocations.ca\/wp-content\/uploads\/Procession-768x432.jpg 768w, https:\/\/redemptoristvocations.ca\/wp-content\/uploads\/Procession.jpg 1302w\" sizes=\"auto, (max-width: 559px) 100vw, 559px\" \/><\/p>\n<p>L'int\u00e9rieur de la cath\u00e9drale est simple mais frappant. De grandes colonnes doriques bordent la nef et l'avant du b\u00e2timent. L'autel massif domine le sanctuaire tandis qu'un retable moderne s'\u00e9l\u00e8ve majestueusement contre le mur frontal. Il est surmont\u00e9 de plusieurs sculptures de saints, dont une magnifique sculpture de l'Assomption et, au-dessus de la Vierge, une image de la Trinit\u00e9 regardant le peuple de Dieu.<\/p>\n<p><img loading=\"lazy\" decoding=\"async\" class=\"size-medium wp-image-2001 alignright\" src=\"https:\/\/redemptoristvocations.ca\/wp-content\/uploads\/Welcome-by-the-Bishop-243x300.jpg\" alt=\"\" width=\"243\" height=\"300\" srcset=\"https:\/\/redemptoristvocations.ca\/wp-content\/uploads\/Welcome-by-the-Bishop-243x300.jpg 243w, https:\/\/redemptoristvocations.ca\/wp-content\/uploads\/Welcome-by-the-Bishop.jpg 662w\" sizes=\"auto, (max-width: 243px) 100vw, 243px\" \/>L'\u00e9v\u00eaque, Mgr Siegfried Noriega Barcel\u00f3 (photo de droite), a d\u00e9but\u00e9 en souhaitant chaleureusement la bienvenue au grand nombre de membres du clerg\u00e9 pr\u00e9sents, aux R\u00e9demptoristes, \u00e0 la famille d'Alfredo, au peuple de Malpaso (la ville natale d\u2019Alfredo), aux visiteurs venus de pr\u00e8s et de loin et ceux qui visionnent la c\u00e9r\u00e9monie par le truchement de l\u2019Internet. L'\u00e9v\u00eaque a \u00e9galement parl\u00e9 de son lien personnel avec les R\u00e9demptoristes. Sa m\u00e8re avait une grande d\u00e9votion pour Notre-Dame-du-Perp\u00e9tuel-Secours. Il a \u00e9t\u00e9 inspir\u00e9 par les R\u00e9demptoristes mexicains avant son ordination et a re\u00e7u l'enseignement de R\u00e9demptoristes lorsqu'il \u00e9tudiait \u00e0 Rome.<\/p>\n<p>L'\u00e9v\u00eaque a donn\u00e9 le ton de fa\u00e7on formelle mais a \u00e9galement cr\u00e9\u00e9 une c\u00e9l\u00e9bration priante et d\u00e9tendue. Dans son hom\u00e9lie, il a parl\u00e9 de l'ordination comme d'une \"grande f\u00eate\" pour l'\u00c9glise. Il nous a rappel\u00e9 que nous venions de c\u00e9l\u00e9brer la Pentec\u00f4te, une c\u00e9l\u00e9bration de la naissance de l'\u00c9glise, de la pr\u00e9sence de l'Esprit Saint. Au c\u0153ur de l'\u00c9glise se trouve l'Eucharistie. Il a parl\u00e9 du sacerdoce des fid\u00e8les et de la mani\u00e8re dont certaines personnes ont \u00e9t\u00e9 choisies pour exercer notre sacerdoce commun d'une mani\u00e8re particuli\u00e8re, notamment en tant que c\u00e9l\u00e9brant de l'Eucharistie. Par les mains du pr\u00eatre, le Christ devient notre nourriture. Le pr\u00eatre, \u00e0 son tour, doit \u00eatre la nourriture du peuple par son service. Il est la pr\u00e9sence de Dieu qui annonce l'\u00c9vangile de J\u00e9sus et le r\u00e8gne de Dieu. En bref, la mission du pr\u00eatre est d'\u00eatre Eucharistie.<\/p>\n<p><img loading=\"lazy\" decoding=\"async\" class=\" wp-image-2004 alignleft\" src=\"https:\/\/redemptoristvocations.ca\/wp-content\/uploads\/Presentation-of-the-Candidate-300x168.jpg\" alt=\"\" width=\"323\" height=\"181\" srcset=\"https:\/\/redemptoristvocations.ca\/wp-content\/uploads\/Presentation-of-the-Candidate-300x168.jpg 300w, https:\/\/redemptoristvocations.ca\/wp-content\/uploads\/Presentation-of-the-Candidate-768x429.jpg 768w, https:\/\/redemptoristvocations.ca\/wp-content\/uploads\/Presentation-of-the-Candidate.jpg 787w\" sizes=\"auto, (max-width: 323px) 100vw, 323px\" \/>Le rite d'ordination a d\u00e9but\u00e9 par la pr\u00e9sentation d'Alfredo \u00e0 l'\u00e9v\u00eaque par le p\u00e8re Carlos Flores Rodr\u00edguez C.Ss.R., Conseiller provincial, d\u00e9l\u00e9gu\u00e9 par le p\u00e8re Charles Duval, notre Provincial. Le P. Rodr\u00edguez a affirm\u00e9 qu'Alfredo \u00e9tait un candidat digne de l'ordination. L'\u00e9v\u00eaque a confirm\u00e9 cette vocation et a appel\u00e9 Alfredo \u00e0 l'ordre du sacerdoce minist\u00e9riel.<\/p>\n<p>Il y a eu d\u2019abord une s\u00e9rie de questions adress\u00e9es \u00e0 Alfredo, en commen\u00e7ant par celle, \u00e0 savoir si l'ordination \u00e9tait quelque chose qu'Alfredo d\u00e9sirait. D'une voix claire, Alfredo a r\u00e9pondu : \u00ab\u00a0Quiero, si.\u00a0\u00bb \u00ab\u00a0Oui, je veux\/je souhaite (cela)\u00a0\u00bb. Avant la pri\u00e8re de cons\u00e9cration, Alfredo a \u00e9t\u00e9 rev\u00eatu de sa chasuble par sa m\u00e8re. Dans une sc\u00e8ne touchante, Alfredo, dans sa nouvelle chasuble, s'est agenouill\u00e9 devant sa m\u00e8re qui lui a donn\u00e9 sa b\u00e9n\u00e9diction et l'a embrass\u00e9. Cela semblait signifier symboliquement qu'elle, au nom de la famille, le b\u00e9nissait et le remettait \u00e0 l'\u00c9glise.<\/p>\n<p><img loading=\"lazy\" decoding=\"async\" class=\"alignnone  wp-image-2006\" src=\"https:\/\/redemptoristvocations.ca\/wp-content\/uploads\/Vesting-1-for-Vocation-Website-300x216.jpg\" alt=\"\" width=\"356\" height=\"256\" srcset=\"https:\/\/redemptoristvocations.ca\/wp-content\/uploads\/Vesting-1-for-Vocation-Website-300x216.jpg 300w, https:\/\/redemptoristvocations.ca\/wp-content\/uploads\/Vesting-1-for-Vocation-Website.jpg 692w\" sizes=\"auto, (max-width: 356px) 100vw, 356px\" \/> <img loading=\"lazy\" decoding=\"async\" class=\"alignnone size-medium wp-image-2008\" src=\"https:\/\/redemptoristvocations.ca\/wp-content\/uploads\/Blessing-from-Mother-for-Vocation-Website-300x255.jpg\" alt=\"\" width=\"300\" height=\"255\" srcset=\"https:\/\/redemptoristvocations.ca\/wp-content\/uploads\/Blessing-from-Mother-for-Vocation-Website-300x255.jpg 300w, https:\/\/redemptoristvocations.ca\/wp-content\/uploads\/Blessing-from-Mother-for-Vocation-Website.jpg 485w\" sizes=\"auto, (max-width: 300px) 100vw, 300px\" \/> <img loading=\"lazy\" decoding=\"async\" class=\"alignnone  wp-image-2010\" src=\"https:\/\/redemptoristvocations.ca\/wp-content\/uploads\/Kiss-from-Mother-for-Vocation-Website-300x219.jpg\" alt=\"\" width=\"352\" height=\"257\" srcset=\"https:\/\/redemptoristvocations.ca\/wp-content\/uploads\/Kiss-from-Mother-for-Vocation-Website-300x219.jpg 300w, https:\/\/redemptoristvocations.ca\/wp-content\/uploads\/Kiss-from-Mother-for-Vocation-Website.jpg 537w\" sizes=\"auto, (max-width: 352px) 100vw, 352px\" \/><\/p>\n<p><img loading=\"lazy\" decoding=\"async\" class=\"size-medium wp-image-2013 alignright\" src=\"https:\/\/redemptoristvocations.ca\/wp-content\/uploads\/Laying-on-of-Hands-Diocese-199x300.jpg\" alt=\"\" width=\"199\" height=\"300\" srcset=\"https:\/\/redemptoristvocations.ca\/wp-content\/uploads\/Laying-on-of-Hands-Diocese-199x300.jpg 199w, https:\/\/redemptoristvocations.ca\/wp-content\/uploads\/Laying-on-of-Hands-Diocese-680x1024.jpg 680w, https:\/\/redemptoristvocations.ca\/wp-content\/uploads\/Laying-on-of-Hands-Diocese-768x1157.jpg 768w, https:\/\/redemptoristvocations.ca\/wp-content\/uploads\/Laying-on-of-Hands-Diocese-1020x1536.jpg 1020w, https:\/\/redemptoristvocations.ca\/wp-content\/uploads\/Laying-on-of-Hands-Diocese.jpg 1360w\" sizes=\"auto, (max-width: 199px) 100vw, 199px\" \/>Le rite d'ordination s'est poursuivi par l'imposition des mains et l'onction des mains d'Alfredo. Apr\u00e8s le rituel, Alfredo a rejoint l'\u00e9v\u00eaque et les conc\u00e9l\u00e9brants \u00e0 l'autel. L'Eucharistie a continu\u00e9 et s'est termin\u00e9e par les remerciements du P\u00e8re Rodriguez \u00e0 l'\u00e9v\u00eaque au nom du P\u00e8re Charles et des R\u00e9demptoristes. Il a \u00e9galement remerci\u00e9 la famille d'Alfredo pour ce don \u00e0 l'\u00c9glise et \u00e0 notre Congr\u00e9gation. En r\u00e9ponse, Alfredo a \u00e9galement offert un bref remerciement \u00e0 tous.<\/p>\n<p><img loading=\"lazy\" decoding=\"async\" class=\" wp-image-2015 alignleft\" src=\"https:\/\/redemptoristvocations.ca\/wp-content\/uploads\/Speech-from-Fr-Alfredo-300x168.jpg\" alt=\"\" width=\"316\" height=\"177\" srcset=\"https:\/\/redemptoristvocations.ca\/wp-content\/uploads\/Speech-from-Fr-Alfredo-300x168.jpg 300w, https:\/\/redemptoristvocations.ca\/wp-content\/uploads\/Speech-from-Fr-Alfredo-1024x573.jpg 1024w, https:\/\/redemptoristvocations.ca\/wp-content\/uploads\/Speech-from-Fr-Alfredo-768x430.jpg 768w, https:\/\/redemptoristvocations.ca\/wp-content\/uploads\/Speech-from-Fr-Alfredo.jpg 1158w\" sizes=\"auto, (max-width: 316px) 100vw, 316px\" \/>Nous sommes reconnaissants pour le don d'Alfredo. Ce fut un long parcours pour lui et nous sommes reconnaissants pour le don de la pers\u00e9v\u00e9rance. Nous esp\u00e9rons qu'il trouvera une grande joie dans son minist\u00e8re sacerdotal et qu'il d\u00e9couvrira qu'il peut vraiment \u00eatre le \u00ab\u00a0P\u00e8re\u00a0\u00bb Alfredo pour beaucoup.<\/p>\n<p>L'hymne de cl\u00f4ture nous a sembl\u00e9 tr\u00e8s appropri\u00e9 et refl\u00e9tait le parcours d'Alfredo.\u00a0 Une traduction du refrain serait : \"Me voici Seigneur, prends-moi, un pr\u00eatre que je veux \u00eatre pour toujours\".<\/p>\n<p>Vous pouvez regarder l'ordination sur la page Facebook du dioc\u00e8se de Zacatecas \u00e0 l'adresse <a href=\"https:\/\/www.facebook.com\/watch\/live\/?v=496296728489989&amp;ref=watch_permalink\">https:\/\/www.facebook.com\/watch\/live\/?v=496296728489989&amp;ref=watch_permalink<\/a>.<\/p>\n<p><img loading=\"lazy\" decoding=\"async\" class=\"alignnone size-medium wp-image-2018\" src=\"https:\/\/redemptoristvocations.ca\/wp-content\/uploads\/Bishop-and-Fr-Alfredos-Mom-300x298.jpg\" alt=\"\" width=\"300\" height=\"298\" srcset=\"https:\/\/redemptoristvocations.ca\/wp-content\/uploads\/Bishop-and-Fr-Alfredos-Mom-300x298.jpg 300w, https:\/\/redemptoristvocations.ca\/wp-content\/uploads\/Bishop-and-Fr-Alfredos-Mom-1024x1017.jpg 1024w, https:\/\/redemptoristvocations.ca\/wp-content\/uploads\/Bishop-and-Fr-Alfredos-Mom-150x150.jpg 150w, https:\/\/redemptoristvocations.ca\/wp-content\/uploads\/Bishop-and-Fr-Alfredos-Mom-768x763.jpg 768w, https:\/\/redemptoristvocations.ca\/wp-content\/uploads\/Bishop-and-Fr-Alfredos-Mom.jpg 1369w\" sizes=\"auto, (max-width: 300px) 100vw, 300px\" \/><img loading=\"lazy\" decoding=\"async\" class=\"alignnone size-medium wp-image-2022\" src=\"https:\/\/redemptoristvocations.ca\/wp-content\/uploads\/Alfredo-and-his-Mom-Diocese-2-300x199.jpg\" alt=\"\" width=\"300\" height=\"199\" srcset=\"https:\/\/redemptoristvocations.ca\/wp-content\/uploads\/Alfredo-and-his-Mom-Diocese-2-300x199.jpg 300w, https:\/\/redemptoristvocations.ca\/wp-content\/uploads\/Alfredo-and-his-Mom-Diocese-2-1024x680.jpg 1024w, https:\/\/redemptoristvocations.ca\/wp-content\/uploads\/Alfredo-and-his-Mom-Diocese-2-768x510.jpg 768w, https:\/\/redemptoristvocations.ca\/wp-content\/uploads\/Alfredo-and-his-Mom-Diocese-2-1536x1020.jpg 1536w, https:\/\/redemptoristvocations.ca\/wp-content\/uploads\/Alfredo-and-his-Mom-Diocese-2.jpg 1608w\" sizes=\"auto, (max-width: 300px) 100vw, 300px\" \/><img loading=\"lazy\" decoding=\"async\" class=\"alignnone size-medium wp-image-2024\" src=\"https:\/\/redemptoristvocations.ca\/wp-content\/uploads\/Laying-on-of-Hands-1st-Time-Diocese-300x199.jpg\" alt=\"\" width=\"300\" height=\"199\" srcset=\"https:\/\/redemptoristvocations.ca\/wp-content\/uploads\/Laying-on-of-Hands-1st-Time-Diocese-300x199.jpg 300w, https:\/\/redemptoristvocations.ca\/wp-content\/uploads\/Laying-on-of-Hands-1st-Time-Diocese-1024x680.jpg 1024w, https:\/\/redemptoristvocations.ca\/wp-content\/uploads\/Laying-on-of-Hands-1st-Time-Diocese-768x510.jpg 768w, https:\/\/redemptoristvocations.ca\/wp-content\/uploads\/Laying-on-of-Hands-1st-Time-Diocese-1536x1020.jpg 1536w, https:\/\/redemptoristvocations.ca\/wp-content\/uploads\/Laying-on-of-Hands-1st-Time-Diocese.jpg 2048w\" sizes=\"auto, (max-width: 300px) 100vw, 300px\" \/><img loading=\"lazy\" decoding=\"async\" class=\"alignnone size-medium wp-image-2026\" src=\"https:\/\/redemptoristvocations.ca\/wp-content\/uploads\/Laying-Prostrate-Diocese-300x199.jpg\" alt=\"\" width=\"300\" height=\"199\" srcset=\"https:\/\/redemptoristvocations.ca\/wp-content\/uploads\/Laying-Prostrate-Diocese-300x199.jpg 300w, https:\/\/redemptoristvocations.ca\/wp-content\/uploads\/Laying-Prostrate-Diocese-1024x680.jpg 1024w, https:\/\/redemptoristvocations.ca\/wp-content\/uploads\/Laying-Prostrate-Diocese-768x510.jpg 768w, https:\/\/redemptoristvocations.ca\/wp-content\/uploads\/Laying-Prostrate-Diocese-1536x1020.jpg 1536w, https:\/\/redemptoristvocations.ca\/wp-content\/uploads\/Laying-Prostrate-Diocese.jpg 1608w\" sizes=\"auto, (max-width: 300px) 100vw, 300px\" \/><img loading=\"lazy\" decoding=\"async\" class=\"alignnone size-medium wp-image-2028\" src=\"https:\/\/redemptoristvocations.ca\/wp-content\/uploads\/Presentation-of-Chalice-Diocese-300x199.jpg\" alt=\"\" width=\"300\" height=\"199\" srcset=\"https:\/\/redemptoristvocations.ca\/wp-content\/uploads\/Presentation-of-Chalice-Diocese-300x199.jpg 300w, https:\/\/redemptoristvocations.ca\/wp-content\/uploads\/Presentation-of-Chalice-Diocese-1024x680.jpg 1024w, https:\/\/redemptoristvocations.ca\/wp-content\/uploads\/Presentation-of-Chalice-Diocese-768x510.jpg 768w, https:\/\/redemptoristvocations.ca\/wp-content\/uploads\/Presentation-of-Chalice-Diocese-1536x1020.jpg 1536w, https:\/\/redemptoristvocations.ca\/wp-content\/uploads\/Presentation-of-Chalice-Diocese.jpg 2048w\" sizes=\"auto, (max-width: 300px) 100vw, 300px\" \/><img loading=\"lazy\" decoding=\"async\" class=\"alignnone size-medium wp-image-2030\" src=\"https:\/\/redemptoristvocations.ca\/wp-content\/uploads\/Fr-Alfredo-and-the-Bishop-199x300.jpg\" alt=\"\" width=\"199\" height=\"300\" srcset=\"https:\/\/redemptoristvocations.ca\/wp-content\/uploads\/Fr-Alfredo-and-the-Bishop-199x300.jpg 199w, https:\/\/redemptoristvocations.ca\/wp-content\/uploads\/Fr-Alfredo-and-the-Bishop-680x1024.jpg 680w, https:\/\/redemptoristvocations.ca\/wp-content\/uploads\/Fr-Alfredo-and-the-Bishop-768x1157.jpg 768w, https:\/\/redemptoristvocations.ca\/wp-content\/uploads\/Fr-Alfredo-and-the-Bishop-1020x1536.jpg 1020w, https:\/\/redemptoristvocations.ca\/wp-content\/uploads\/Fr-Alfredo-and-the-Bishop.jpg 1360w\" sizes=\"auto, (max-width: 199px) 100vw, 199px\" \/><img loading=\"lazy\" decoding=\"async\" class=\"alignnone size-medium wp-image-2032\" src=\"https:\/\/redemptoristvocations.ca\/wp-content\/uploads\/Fr-Alfredo-and-the-Bishop-Fraternal-Hug-199x300.jpg\" alt=\"\" width=\"199\" height=\"300\" srcset=\"https:\/\/redemptoristvocations.ca\/wp-content\/uploads\/Fr-Alfredo-and-the-Bishop-Fraternal-Hug-199x300.jpg 199w, https:\/\/redemptoristvocations.ca\/wp-content\/uploads\/Fr-Alfredo-and-the-Bishop-Fraternal-Hug-680x1024.jpg 680w, https:\/\/redemptoristvocations.ca\/wp-content\/uploads\/Fr-Alfredo-and-the-Bishop-Fraternal-Hug-768x1157.jpg 768w, https:\/\/redemptoristvocations.ca\/wp-content\/uploads\/Fr-Alfredo-and-the-Bishop-Fraternal-Hug-1020x1536.jpg 1020w, https:\/\/redemptoristvocations.ca\/wp-content\/uploads\/Fr-Alfredo-and-the-Bishop-Fraternal-Hug.jpg 1360w\" sizes=\"auto, (max-width: 199px) 100vw, 199px\" \/><img loading=\"lazy\" decoding=\"async\" class=\"alignnone size-medium wp-image-2034\" src=\"https:\/\/redemptoristvocations.ca\/wp-content\/uploads\/Congratulations-from-Concelebrants-300x168.jpg\" alt=\"\" width=\"300\" height=\"168\" srcset=\"https:\/\/redemptoristvocations.ca\/wp-content\/uploads\/Congratulations-from-Concelebrants-300x168.jpg 300w, https:\/\/redemptoristvocations.ca\/wp-content\/uploads\/Congratulations-from-Concelebrants-1024x574.jpg 1024w, https:\/\/redemptoristvocations.ca\/wp-content\/uploads\/Congratulations-from-Concelebrants-768x431.jpg 768w, https:\/\/redemptoristvocations.ca\/wp-content\/uploads\/Congratulations-from-Concelebrants.jpg 1157w\" sizes=\"auto, (max-width: 300px) 100vw, 300px\" \/><img loading=\"lazy\" decoding=\"async\" class=\"alignnone size-medium wp-image-2036\" src=\"https:\/\/redemptoristvocations.ca\/wp-content\/uploads\/Fr-Alfredo-during-the-Eucharistic-Prayer-Diocese-300x199.jpg\" alt=\"\" width=\"300\" height=\"199\" srcset=\"https:\/\/redemptoristvocations.ca\/wp-content\/uploads\/Fr-Alfredo-during-the-Eucharistic-Prayer-Diocese-300x199.jpg 300w, https:\/\/redemptoristvocations.ca\/wp-content\/uploads\/Fr-Alfredo-during-the-Eucharistic-Prayer-Diocese-1024x680.jpg 1024w, https:\/\/redemptoristvocations.ca\/wp-content\/uploads\/Fr-Alfredo-during-the-Eucharistic-Prayer-Diocese-768x510.jpg 768w, https:\/\/redemptoristvocations.ca\/wp-content\/uploads\/Fr-Alfredo-during-the-Eucharistic-Prayer-Diocese-1536x1020.jpg 1536w, https:\/\/redemptoristvocations.ca\/wp-content\/uploads\/Fr-Alfredo-during-the-Eucharistic-Prayer-Diocese.jpg 2048w\" sizes=\"auto, (max-width: 300px) 100vw, 300px\" \/><img loading=\"lazy\" decoding=\"async\" class=\"alignnone size-medium wp-image-2038\" src=\"https:\/\/redemptoristvocations.ca\/wp-content\/uploads\/Fr-Alfredo-Praying-Diocese-300x199.jpg\" alt=\"\" width=\"300\" height=\"199\" srcset=\"https:\/\/redemptoristvocations.ca\/wp-content\/uploads\/Fr-Alfredo-Praying-Diocese-300x199.jpg 300w, https:\/\/redemptoristvocations.ca\/wp-content\/uploads\/Fr-Alfredo-Praying-Diocese-1024x680.jpg 1024w, https:\/\/redemptoristvocations.ca\/wp-content\/uploads\/Fr-Alfredo-Praying-Diocese-768x510.jpg 768w, https:\/\/redemptoristvocations.ca\/wp-content\/uploads\/Fr-Alfredo-Praying-Diocese-1536x1020.jpg 1536w, https:\/\/redemptoristvocations.ca\/wp-content\/uploads\/Fr-Alfredo-Praying-Diocese.jpg 2048w\" sizes=\"auto, (max-width: 300px) 100vw, 300px\" \/><img loading=\"lazy\" decoding=\"async\" class=\"alignnone size-medium wp-image-2040\" src=\"https:\/\/redemptoristvocations.ca\/wp-content\/uploads\/Distribution-of-Communion-300x167.jpg\" alt=\"\" width=\"300\" height=\"167\" srcset=\"https:\/\/redemptoristvocations.ca\/wp-content\/uploads\/Distribution-of-Communion-300x167.jpg 300w, https:\/\/redemptoristvocations.ca\/wp-content\/uploads\/Distribution-of-Communion-1024x572.jpg 1024w, https:\/\/redemptoristvocations.ca\/wp-content\/uploads\/Distribution-of-Communion-768x429.jpg 768w, https:\/\/redemptoristvocations.ca\/wp-content\/uploads\/Distribution-of-Communion.jpg 1159w\" sizes=\"auto, (max-width: 300px) 100vw, 300px\" \/><img loading=\"lazy\" decoding=\"async\" class=\"alignnone size-medium wp-image-2042\" src=\"https:\/\/redemptoristvocations.ca\/wp-content\/uploads\/Bishop-Blessing-Fr-Alfredo-at-the-end-of-Mass-Diocese-300x199.jpg\" alt=\"\" width=\"300\" height=\"199\" srcset=\"https:\/\/redemptoristvocations.ca\/wp-content\/uploads\/Bishop-Blessing-Fr-Alfredo-at-the-end-of-Mass-Diocese-300x199.jpg 300w, https:\/\/redemptoristvocations.ca\/wp-content\/uploads\/Bishop-Blessing-Fr-Alfredo-at-the-end-of-Mass-Diocese-1024x680.jpg 1024w, https:\/\/redemptoristvocations.ca\/wp-content\/uploads\/Bishop-Blessing-Fr-Alfredo-at-the-end-of-Mass-Diocese-768x510.jpg 768w, https:\/\/redemptoristvocations.ca\/wp-content\/uploads\/Bishop-Blessing-Fr-Alfredo-at-the-end-of-Mass-Diocese-1536x1020.jpg 1536w, https:\/\/redemptoristvocations.ca\/wp-content\/uploads\/Bishop-Blessing-Fr-Alfredo-at-the-end-of-Mass-Diocese.jpg 2048w\" sizes=\"auto, (max-width: 300px) 100vw, 300px\" \/><img loading=\"lazy\" decoding=\"async\" class=\"alignnone size-medium wp-image-2044\" src=\"https:\/\/redemptoristvocations.ca\/wp-content\/uploads\/Bishop-and-Fr-Alfredo-Diocese-300x199.jpg\" alt=\"\" width=\"300\" height=\"199\" srcset=\"https:\/\/redemptoristvocations.ca\/wp-content\/uploads\/Bishop-and-Fr-Alfredo-Diocese-300x199.jpg 300w, https:\/\/redemptoristvocations.ca\/wp-content\/uploads\/Bishop-and-Fr-Alfredo-Diocese-1024x680.jpg 1024w, https:\/\/redemptoristvocations.ca\/wp-content\/uploads\/Bishop-and-Fr-Alfredo-Diocese-768x510.jpg 768w, https:\/\/redemptoristvocations.ca\/wp-content\/uploads\/Bishop-and-Fr-Alfredo-Diocese-1536x1020.jpg 1536w, https:\/\/redemptoristvocations.ca\/wp-content\/uploads\/Bishop-and-Fr-Alfredo-Diocese.jpg 2048w\" sizes=\"auto, (max-width: 300px) 100vw, 300px\" \/><img loading=\"lazy\" decoding=\"async\" class=\"alignnone size-medium wp-image-2048\" src=\"https:\/\/redemptoristvocations.ca\/wp-content\/uploads\/Fr-Alfredo-the-Bishop-and-Other-Concelebrants-300x199.jpg\" alt=\"\" width=\"300\" height=\"199\" srcset=\"https:\/\/redemptoristvocations.ca\/wp-content\/uploads\/Fr-Alfredo-the-Bishop-and-Other-Concelebrants-300x199.jpg 300w, https:\/\/redemptoristvocations.ca\/wp-content\/uploads\/Fr-Alfredo-the-Bishop-and-Other-Concelebrants-1024x680.jpg 1024w, https:\/\/redemptoristvocations.ca\/wp-content\/uploads\/Fr-Alfredo-the-Bishop-and-Other-Concelebrants-768x510.jpg 768w, https:\/\/redemptoristvocations.ca\/wp-content\/uploads\/Fr-Alfredo-the-Bishop-and-Other-Concelebrants-1536x1020.jpg 1536w, https:\/\/redemptoristvocations.ca\/wp-content\/uploads\/Fr-Alfredo-the-Bishop-and-Other-Concelebrants.jpg 1608w\" sizes=\"auto, (max-width: 300px) 100vw, 300px\" \/><\/p>\n","protected":false},"excerpt":{"rendered":"<p>Le 27 mai 2021 sera inscrit comme un jour tr\u00e8s sp\u00e9cial dans les Chroniques de la Province. Le cadre de [&hellip;]<\/p>\n","protected":false},"author":7,"featured_media":2046,"comment_status":"open","ping_status":"open","sticky":false,"template":"","format":"standard","meta":{"_acf_changed":false,"inline_featured_image":false,"footnotes":""},"categories":[7],"tags":[],"class_list":["post-2050","post","type-post","status-publish","format-standard","has-post-thumbnail","hentry","category-nouvelles"],"acf":[],"yoast_head":"<!-- This site is optimized with the Yoast SEO plugin v24.2 - https:\/\/yoast.com\/wordpress\/plugins\/seo\/ -->\n<title>Ordination Alfredo Medina Ramos &#8211; Redemptorist Vocation Ministry<\/title>\n<meta name=\"robots\" content=\"index, follow, max-snippet:-1, max-image-preview:large, max-video-preview:-1\" \/>\n<link rel=\"canonical\" href=\"https:\/\/redemptoristvocations.ca\/fr\/ordination-alfredo-medina-ramos\/\" \/>\n<meta property=\"og:locale\" content=\"fr_FR\" \/>\n<meta property=\"og:type\" content=\"article\" \/>\n<meta property=\"og:title\" content=\"Ordination Alfredo Medina Ramos &#8211; Redemptorist Vocation Ministry\" \/>\n<meta property=\"og:description\" content=\"Le 27 mai 2021 sera inscrit comme un jour tr\u00e8s sp\u00e9cial dans les Chroniques de la Province. Le cadre de [&hellip;]\" \/>\n<meta property=\"og:url\" content=\"https:\/\/redemptoristvocations.ca\/fr\/ordination-alfredo-medina-ramos\/\" \/>\n<meta property=\"og:site_name\" content=\"Redemptorist Vocation Ministry\" \/>\n<meta property=\"article:publisher\" content=\"https:\/\/www.facebook.com\/plugintochrist\" \/>\n<meta property=\"article:published_time\" content=\"2021-06-03T16:13:00+00:00\" \/>\n<meta property=\"og:image\" content=\"https:\/\/i1.wp.com\/redemptoristvocations.ca\/wp-content\/uploads\/Fr-Alfredo.jpg?fit=2048%2C1360&ssl=1\" \/>\n\t<meta property=\"og:image:width\" content=\"2048\" \/>\n\t<meta property=\"og:image:height\" content=\"1360\" \/>\n\t<meta property=\"og:image:type\" content=\"image\/jpeg\" \/>\n<meta name=\"author\" content=\"Kathy McMerty\" \/>\n<meta name=\"twitter:card\" content=\"summary_large_image\" \/>\n<meta name=\"twitter:creator\" content=\"@Plugintochrist\" \/>\n<meta name=\"twitter:site\" content=\"@Plugintochrist\" \/>\n<meta name=\"twitter:label1\" content=\"\u00c9crit par\" \/>\n\t<meta name=\"twitter:data1\" content=\"Kathy McMerty\" \/>\n\t<meta name=\"twitter:label2\" content=\"Dur\u00e9e de lecture estim\u00e9e\" \/>\n\t<meta name=\"twitter:data2\" content=\"8 minutes\" \/>\n<script type=\"application\/ld+json\" class=\"yoast-schema-graph\">{\"@context\":\"https:\/\/schema.org\",\"@graph\":[{\"@type\":\"Article\",\"@id\":\"https:\/\/redemptoristvocations.ca\/fr\/ordination-alfredo-medina-ramos\/#article\",\"isPartOf\":{\"@id\":\"https:\/\/redemptoristvocations.ca\/fr\/ordination-alfredo-medina-ramos\/\"},\"author\":{\"name\":\"Kathy McMerty\",\"@id\":\"https:\/\/redemptoristvocations.ca\/#\/schema\/person\/54b24f3f1541aca4e0bc37e52f4f92cc\"},\"headline\":\"Ordination Alfredo Medina Ramos\",\"datePublished\":\"2021-06-03T16:13:00+00:00\",\"dateModified\":\"2021-06-03T16:13:00+00:00\",\"mainEntityOfPage\":{\"@id\":\"https:\/\/redemptoristvocations.ca\/fr\/ordination-alfredo-medina-ramos\/\"},\"wordCount\":949,\"commentCount\":0,\"publisher\":{\"@id\":\"https:\/\/redemptoristvocations.ca\/#organization\"},\"image\":{\"@id\":\"https:\/\/redemptoristvocations.ca\/fr\/ordination-alfredo-medina-ramos\/#primaryimage\"},\"thumbnailUrl\":\"https:\/\/redemptoristvocations.ca\/wp-content\/uploads\/Fr-Alfredo.jpg\",\"articleSection\":[\"Nouvelles\"],\"inLanguage\":\"fr-FR\",\"potentialAction\":[{\"@type\":\"CommentAction\",\"name\":\"Comment\",\"target\":[\"https:\/\/redemptoristvocations.ca\/fr\/ordination-alfredo-medina-ramos\/#respond\"]}]},{\"@type\":\"WebPage\",\"@id\":\"https:\/\/redemptoristvocations.ca\/fr\/ordination-alfredo-medina-ramos\/\",\"url\":\"https:\/\/redemptoristvocations.ca\/fr\/ordination-alfredo-medina-ramos\/\",\"name\":\"Ordination Alfredo Medina Ramos &#8211; Redemptorist Vocation Ministry\",\"isPartOf\":{\"@id\":\"https:\/\/redemptoristvocations.ca\/#website\"},\"primaryImageOfPage\":{\"@id\":\"https:\/\/redemptoristvocations.ca\/fr\/ordination-alfredo-medina-ramos\/#primaryimage\"},\"image\":{\"@id\":\"https:\/\/redemptoristvocations.ca\/fr\/ordination-alfredo-medina-ramos\/#primaryimage\"},\"thumbnailUrl\":\"https:\/\/redemptoristvocations.ca\/wp-content\/uploads\/Fr-Alfredo.jpg\",\"datePublished\":\"2021-06-03T16:13:00+00:00\",\"dateModified\":\"2021-06-03T16:13:00+00:00\",\"breadcrumb\":{\"@id\":\"https:\/\/redemptoristvocations.ca\/fr\/ordination-alfredo-medina-ramos\/#breadcrumb\"},\"inLanguage\":\"fr-FR\",\"potentialAction\":[{\"@type\":\"ReadAction\",\"target\":[\"https:\/\/redemptoristvocations.ca\/fr\/ordination-alfredo-medina-ramos\/\"]}]},{\"@type\":\"ImageObject\",\"inLanguage\":\"fr-FR\",\"@id\":\"https:\/\/redemptoristvocations.ca\/fr\/ordination-alfredo-medina-ramos\/#primaryimage\",\"url\":\"https:\/\/redemptoristvocations.ca\/wp-content\/uploads\/Fr-Alfredo.jpg\",\"contentUrl\":\"https:\/\/redemptoristvocations.ca\/wp-content\/uploads\/Fr-Alfredo.jpg\",\"width\":2048,\"height\":1360},{\"@type\":\"BreadcrumbList\",\"@id\":\"https:\/\/redemptoristvocations.ca\/fr\/ordination-alfredo-medina-ramos\/#breadcrumb\",\"itemListElement\":[{\"@type\":\"ListItem\",\"position\":1,\"name\":\"Home\",\"item\":\"https:\/\/redemptoristvocations.ca\/fr\/\"},{\"@type\":\"ListItem\",\"position\":2,\"name\":\"Ordination Alfredo Medina Ramos\"}]},{\"@type\":\"WebSite\",\"@id\":\"https:\/\/redemptoristvocations.ca\/#website\",\"url\":\"https:\/\/redemptoristvocations.ca\/\",\"name\":\"Redemptorist Vocation Ministry\",\"description\":\"Come Join our Redemptorist Family\",\"publisher\":{\"@id\":\"https:\/\/redemptoristvocations.ca\/#organization\"},\"potentialAction\":[{\"@type\":\"SearchAction\",\"target\":{\"@type\":\"EntryPoint\",\"urlTemplate\":\"https:\/\/redemptoristvocations.ca\/?s={search_term_string}\"},\"query-input\":{\"@type\":\"PropertyValueSpecification\",\"valueRequired\":true,\"valueName\":\"search_term_string\"}}],\"inLanguage\":\"fr-FR\"},{\"@type\":\"Organization\",\"@id\":\"https:\/\/redemptoristvocations.ca\/#organization\",\"name\":\"Congregation of the Most Holy Redeemer\",\"url\":\"https:\/\/redemptoristvocations.ca\/\",\"logo\":{\"@type\":\"ImageObject\",\"inLanguage\":\"fr-FR\",\"@id\":\"https:\/\/redemptoristvocations.ca\/#\/schema\/logo\/image\/\",\"url\":\"https:\/\/i1.wp.com\/redemptoristvocations.ca\/wp-content\/uploads\/logo-square.png?fit=76%2C76&ssl=1\",\"contentUrl\":\"https:\/\/i1.wp.com\/redemptoristvocations.ca\/wp-content\/uploads\/logo-square.png?fit=76%2C76&ssl=1\",\"width\":76,\"height\":76,\"caption\":\"Congregation of the Most Holy Redeemer\"},\"image\":{\"@id\":\"https:\/\/redemptoristvocations.ca\/#\/schema\/logo\/image\/\"},\"sameAs\":[\"https:\/\/www.facebook.com\/plugintochrist\",\"https:\/\/x.com\/Plugintochrist\",\"https:\/\/www.youtube.com\/user\/RedemptoristTV\"]},{\"@type\":\"Person\",\"@id\":\"https:\/\/redemptoristvocations.ca\/#\/schema\/person\/54b24f3f1541aca4e0bc37e52f4f92cc\",\"name\":\"Kathy McMerty\",\"image\":{\"@type\":\"ImageObject\",\"inLanguage\":\"fr-FR\",\"@id\":\"https:\/\/redemptoristvocations.ca\/#\/schema\/person\/image\/\",\"url\":\"https:\/\/secure.gravatar.com\/avatar\/7d5fb649036ab5e4d245b7cc3a04ccd1?s=96&d=mm&r=g\",\"contentUrl\":\"https:\/\/secure.gravatar.com\/avatar\/7d5fb649036ab5e4d245b7cc3a04ccd1?s=96&d=mm&r=g\",\"caption\":\"Kathy McMerty\"}}]}<\/script>\n<!-- \/ Yoast SEO plugin. -->","yoast_head_json":{"title":"Ordination Alfredo Medina Ramos &#8211; Redemptorist Vocation Ministry","robots":{"index":"index","follow":"follow","max-snippet":"max-snippet:-1","max-image-preview":"max-image-preview:large","max-video-preview":"max-video-preview:-1"},"canonical":"https:\/\/redemptoristvocations.ca\/fr\/ordination-alfredo-medina-ramos\/","og_locale":"fr_FR","og_type":"article","og_title":"Ordination Alfredo Medina Ramos &#8211; Redemptorist Vocation Ministry","og_description":"Le 27 mai 2021 sera inscrit comme un jour tr\u00e8s sp\u00e9cial dans les Chroniques de la Province. Le cadre de [&hellip;]","og_url":"https:\/\/redemptoristvocations.ca\/fr\/ordination-alfredo-medina-ramos\/","og_site_name":"Redemptorist Vocation Ministry","article_publisher":"https:\/\/www.facebook.com\/plugintochrist","article_published_time":"2021-06-03T16:13:00+00:00","og_image":[{"width":2048,"height":1360,"url":"https:\/\/i1.wp.com\/redemptoristvocations.ca\/wp-content\/uploads\/Fr-Alfredo.jpg?fit=2048%2C1360&ssl=1","type":"image\/jpeg"}],"author":"Kathy McMerty","twitter_card":"summary_large_image","twitter_creator":"@Plugintochrist","twitter_site":"@Plugintochrist","twitter_misc":{"\u00c9crit par":"Kathy McMerty","Dur\u00e9e de lecture estim\u00e9e":"8 minutes"},"schema":{"@context":"https:\/\/schema.org","@graph":[{"@type":"Article","@id":"https:\/\/redemptoristvocations.ca\/fr\/ordination-alfredo-medina-ramos\/#article","isPartOf":{"@id":"https:\/\/redemptoristvocations.ca\/fr\/ordination-alfredo-medina-ramos\/"},"author":{"name":"Kathy McMerty","@id":"https:\/\/redemptoristvocations.ca\/#\/schema\/person\/54b24f3f1541aca4e0bc37e52f4f92cc"},"headline":"Ordination Alfredo Medina Ramos","datePublished":"2021-06-03T16:13:00+00:00","dateModified":"2021-06-03T16:13:00+00:00","mainEntityOfPage":{"@id":"https:\/\/redemptoristvocations.ca\/fr\/ordination-alfredo-medina-ramos\/"},"wordCount":949,"commentCount":0,"publisher":{"@id":"https:\/\/redemptoristvocations.ca\/#organization"},"image":{"@id":"https:\/\/redemptoristvocations.ca\/fr\/ordination-alfredo-medina-ramos\/#primaryimage"},"thumbnailUrl":"https:\/\/redemptoristvocations.ca\/wp-content\/uploads\/Fr-Alfredo.jpg","articleSection":["Nouvelles"],"inLanguage":"fr-FR","potentialAction":[{"@type":"CommentAction","name":"Comment","target":["https:\/\/redemptoristvocations.ca\/fr\/ordination-alfredo-medina-ramos\/#respond"]}]},{"@type":"WebPage","@id":"https:\/\/redemptoristvocations.ca\/fr\/ordination-alfredo-medina-ramos\/","url":"https:\/\/redemptoristvocations.ca\/fr\/ordination-alfredo-medina-ramos\/","name":"Ordination Alfredo Medina Ramos &#8211; Redemptorist Vocation Ministry","isPartOf":{"@id":"https:\/\/redemptoristvocations.ca\/#website"},"primaryImageOfPage":{"@id":"https:\/\/redemptoristvocations.ca\/fr\/ordination-alfredo-medina-ramos\/#primaryimage"},"image":{"@id":"https:\/\/redemptoristvocations.ca\/fr\/ordination-alfredo-medina-ramos\/#primaryimage"},"thumbnailUrl":"https:\/\/redemptoristvocations.ca\/wp-content\/uploads\/Fr-Alfredo.jpg","datePublished":"2021-06-03T16:13:00+00:00","dateModified":"2021-06-03T16:13:00+00:00","breadcrumb":{"@id":"https:\/\/redemptoristvocations.ca\/fr\/ordination-alfredo-medina-ramos\/#breadcrumb"},"inLanguage":"fr-FR","potentialAction":[{"@type":"ReadAction","target":["https:\/\/redemptoristvocations.ca\/fr\/ordination-alfredo-medina-ramos\/"]}]},{"@type":"ImageObject","inLanguage":"fr-FR","@id":"https:\/\/redemptoristvocations.ca\/fr\/ordination-alfredo-medina-ramos\/#primaryimage","url":"https:\/\/redemptoristvocations.ca\/wp-content\/uploads\/Fr-Alfredo.jpg","contentUrl":"https:\/\/redemptoristvocations.ca\/wp-content\/uploads\/Fr-Alfredo.jpg","width":2048,"height":1360},{"@type":"BreadcrumbList","@id":"https:\/\/redemptoristvocations.ca\/fr\/ordination-alfredo-medina-ramos\/#breadcrumb","itemListElement":[{"@type":"ListItem","position":1,"name":"Home","item":"https:\/\/redemptoristvocations.ca\/fr\/"},{"@type":"ListItem","position":2,"name":"Ordination Alfredo Medina Ramos"}]},{"@type":"WebSite","@id":"https:\/\/redemptoristvocations.ca\/#website","url":"https:\/\/redemptoristvocations.ca\/","name":"Redemptorist Vocation Ministry","description":"Come Join our Redemptorist Family","publisher":{"@id":"https:\/\/redemptoristvocations.ca\/#organization"},"potentialAction":[{"@type":"SearchAction","target":{"@type":"EntryPoint","urlTemplate":"https:\/\/redemptoristvocations.ca\/?s={search_term_string}"},"query-input":{"@type":"PropertyValueSpecification","valueRequired":true,"valueName":"search_term_string"}}],"inLanguage":"fr-FR"},{"@type":"Organization","@id":"https:\/\/redemptoristvocations.ca\/#organization","name":"Congregation of the Most Holy Redeemer","url":"https:\/\/redemptoristvocations.ca\/","logo":{"@type":"ImageObject","inLanguage":"fr-FR","@id":"https:\/\/redemptoristvocations.ca\/#\/schema\/logo\/image\/","url":"https:\/\/i1.wp.com\/redemptoristvocations.ca\/wp-content\/uploads\/logo-square.png?fit=76%2C76&ssl=1","contentUrl":"https:\/\/i1.wp.com\/redemptoristvocations.ca\/wp-content\/uploads\/logo-square.png?fit=76%2C76&ssl=1","width":76,"height":76,"caption":"Congregation of the Most Holy Redeemer"},"image":{"@id":"https:\/\/redemptoristvocations.ca\/#\/schema\/logo\/image\/"},"sameAs":["https:\/\/www.facebook.com\/plugintochrist","https:\/\/x.com\/Plugintochrist","https:\/\/www.youtube.com\/user\/RedemptoristTV"]},{"@type":"Person","@id":"https:\/\/redemptoristvocations.ca\/#\/schema\/person\/54b24f3f1541aca4e0bc37e52f4f92cc","name":"Kathy McMerty","image":{"@type":"ImageObject","inLanguage":"fr-FR","@id":"https:\/\/redemptoristvocations.ca\/#\/schema\/person\/image\/","url":"https:\/\/secure.gravatar.com\/avatar\/7d5fb649036ab5e4d245b7cc3a04ccd1?s=96&d=mm&r=g","contentUrl":"https:\/\/secure.gravatar.com\/avatar\/7d5fb649036ab5e4d245b7cc3a04ccd1?s=96&d=mm&r=g","caption":"Kathy McMerty"}}]}},"_links":{"self":[{"href":"https:\/\/redemptoristvocations.ca\/fr\/wp-json\/wp\/v2\/posts\/2050","targetHints":{"allow":["GET"]}}],"collection":[{"href":"https:\/\/redemptoristvocations.ca\/fr\/wp-json\/wp\/v2\/posts"}],"about":[{"href":"https:\/\/redemptoristvocations.ca\/fr\/wp-json\/wp\/v2\/types\/post"}],"author":[{"embeddable":true,"href":"https:\/\/redemptoristvocations.ca\/fr\/wp-json\/wp\/v2\/users\/7"}],"replies":[{"embeddable":true,"href":"https:\/\/redemptoristvocations.ca\/fr\/wp-json\/wp\/v2\/comments?post=2050"}],"version-history":[{"count":2,"href":"https:\/\/redemptoristvocations.ca\/fr\/wp-json\/wp\/v2\/posts\/2050\/revisions"}],"predecessor-version":[{"id":2053,"href":"https:\/\/redemptoristvocations.ca\/fr\/wp-json\/wp\/v2\/posts\/2050\/revisions\/2053"}],"wp:featuredmedia":[{"embeddable":true,"href":"https:\/\/redemptoristvocations.ca\/fr\/wp-json\/wp\/v2\/media\/2046"}],"wp:attachment":[{"href":"https:\/\/redemptoristvocations.ca\/fr\/wp-json\/wp\/v2\/media?parent=2050"}],"wp:term":[{"taxonomy":"category","embeddable":true,"href":"https:\/\/redemptoristvocations.ca\/fr\/wp-json\/wp\/v2\/categories?post=2050"},{"taxonomy":"post_tag","embeddable":true,"href":"https:\/\/redemptoristvocations.ca\/fr\/wp-json\/wp\/v2\/tags?post=2050"}],"curies":[{"name":"wp","href":"https:\/\/api.w.org\/{rel}","templated":true}]}}